{"id":1793,"date":"2024-03-27T07:58:00","date_gmt":"2024-03-27T07:58:00","guid":{"rendered":"https:\/\/attraversolospettacolo.it\/?p=1793"},"modified":"2024-03-26T20:11:22","modified_gmt":"2024-03-26T20:11:22","slug":"62-giornata-mondiale-del-teatro","status":"publish","type":"post","link":"https:\/\/attraversolospettacolo.it\/index.php\/2024\/03\/27\/62-giornata-mondiale-del-teatro\/","title":{"rendered":"62^ giornata mondiale del teatro"},"content":{"rendered":"\n<p>(Messaggio per la Giornata Mondiale del Teatro 2024 di Jon FOSSE)<br><\/p>\n\n\n\n<h3 class=\"wp-block-heading\">L\u2019Arte \u00e8 Pace<br><\/h3>\n\n\n\n<p>\u00ab<em>Ogni persona \u00e8 unica e, allo stesso tempo, simile a tutte le altre. L\u2019aspetto esteriore, visibile di ciascuno \u00e8<br>diverso da quello di chiunque altro, questo \u00e8 ovvio, ma c&#8217;\u00e8 anche dentro ogni individuo qualcosa che<br>appartiene solo a quella persona, che \u00e8 proprio solo di quella persona. Potremmo chiamarlo il suo spirito, o<br>la sua anima, oppure potremmo decidere di non etichettarlo affatto con le parole, lasciandolo<br>semplicemente stare l\u00e0<\/em> [&#8230;]\u00bb. <strong><a href=\"https:\/\/attraversolospettacolo.it\/wp-content\/uploads\/2024\/03\/Giornata-Mondiale-Teatro-2024_ITI_Messaggio-di-Jon-Fosse_ITA.pdf\" target=\"_blank\" rel=\"noreferrer noopener\">Prosegui la lettura<\/a><\/strong><\/p>\n\n\n\n<hr class=\"wp-block-separator aligncenter has-text-color has-neve-link-hover-color-color has-alpha-channel-opacity has-neve-link-hover-color-background-color has-background is-style-default\"\/>\n\n\n\n<p>Vedi anche la news <\/p>\n\n\n\n<p><em><a href=\"https:\/\/attraversolospettacolo.it\/index.php\/2023\/10\/30\/franco-perrelli-racconta-le-opere-di-jon-fosse\/\" target=\"_blank\" rel=\"noreferrer noopener\">Franco Perrelli racconta Jon Fosse<\/a><\/em>, 30 ottobre 2023<\/p>\n","protected":false},"excerpt":{"rendered":"<p>(Messaggio per la Giornata Mondiale del Teatro 2024 di Jon FOSSE) L\u2019Arte \u00e8 Pace \u00abOgni persona \u00e8 unica e, allo stesso tempo, simile a tutte le altre. L\u2019aspetto esteriore, visibile di ciascuno \u00e8diverso da quello di chiunque altro, questo \u00e8 ovvio, ma c&#8217;\u00e8 anche dentro ogni individuo qualcosa cheappartiene solo a quella persona, che \u00e8&hellip;&nbsp;<a href=\"https:\/\/attraversolospettacolo.it\/index.php\/2024\/03\/27\/62-giornata-mondiale-del-teatro\/\" rel=\"bookmark\">Leggi tutto &raquo;<span class=\"screen-reader-text\">62^ giornata mondiale del teatro<\/span><\/a><\/p>\n","protected":false},"author":1,"featured_media":1534,"comment_status":"open","ping_status":"closed","sticky":false,"template":"","format":"standard","meta":{"neve_meta_sidebar":"","neve_meta_container":"","neve_meta_enable_content_width":"","neve_meta_content_width":0,"neve_meta_title_alignment":"","neve_meta_author_avatar":"","neve_post_elements_order":"","neve_meta_disable_header":"","neve_meta_disable_footer":"","neve_meta_disable_title":"","footnotes":""},"categories":[7],"tags":[],"class_list":["post-1793","post","type-post","status-publish","format-standard","has-post-thumbnail","hentry","category-notizie-varie-per-una-economia-dello-spettacolo"],"yoast_head":"<!-- This site is optimized with the Yoast SEO plugin v27.2 - https:\/\/yoast.com\/product\/yoast-seo-wordpress\/ -->\n<title>62^ giornata mondiale del teatro - Attraverso lo spettacolo<\/title>\n<meta name=\"description\" content=\"62^ giornata mondiale del teatro\" \/>\n<meta name=\"robots\" content=\"index, follow, max-snippet:-1, max-image-preview:large, max-video-preview:-1\" \/>\n<link rel=\"canonical\" href=\"https:\/\/attraversolospettacolo.it\/index.php\/2024\/03\/27\/62-giornata-mondiale-del-teatro\/\" \/>\n<meta property=\"og:locale\" content=\"it_IT\" \/>\n<meta property=\"og:type\" content=\"article\" \/>\n<meta property=\"og:title\" content=\"62^ giornata mondiale del teatro - Attraverso lo spettacolo\" \/>\n<meta property=\"og:description\" content=\"62^ giornata mondiale del teatro\" \/>\n<meta property=\"og:url\" content=\"https:\/\/attraversolospettacolo.it\/index.php\/2024\/03\/27\/62-giornata-mondiale-del-teatro\/\" \/>\n<meta property=\"og:site_name\" content=\"Attraverso lo spettacolo\" \/>\n<meta property=\"article:published_time\" content=\"2024-03-27T07:58:00+00:00\" \/>\n<meta property=\"og:image\" content=\"https:\/\/mlml6gfwjfob.i.optimole.com\/w:auto\/h:auto\/q:mauto\/ig:avif\/https:\/\/attraversolospettacolo.it\/wp-content\/uploads\/2023\/03\/Giornata-mondiale-del-teatro-logo-1.jpg\" \/>\n\t<meta property=\"og:image:width\" content=\"256\" \/>\n\t<meta property=\"og:image:height\" content=\"297\" \/>\n\t<meta property=\"og:image:type\" content=\"image\/jpeg\" \/>\n<meta name=\"author\" content=\"admin\" \/>\n<meta name=\"twitter:card\" content=\"summary_large_image\" \/>\n<meta name=\"twitter:label1\" content=\"Scritto da\" \/>\n\t<meta name=\"twitter:data1\" content=\"admin\" \/>\n\t<meta name=\"twitter:label2\" content=\"Tempo di lettura stimato\" \/>\n\t<meta name=\"twitter:data2\" content=\"1 minuto\" \/>\n<script type=\"application\/ld+json\" class=\"yoast-schema-graph\">{\"@context\":\"https:\/\/schema.org\",\"@graph\":[{\"@type\":\"Article\",\"@id\":\"https:\/\/attraversolospettacolo.it\/index.php\/2024\/03\/27\/62-giornata-mondiale-del-teatro\/#article\",\"isPartOf\":{\"@id\":\"https:\/\/attraversolospettacolo.it\/index.php\/2024\/03\/27\/62-giornata-mondiale-del-teatro\/\"},\"author\":{\"name\":\"admin\",\"@id\":\"https:\/\/attraversolospettacolo.it\/#\/schema\/person\/85ff12f84a96acc7624ec0bb7a2d63ee\"},\"headline\":\"62^ giornata mondiale del teatro\",\"datePublished\":\"2024-03-27T07:58:00+00:00\",\"mainEntityOfPage\":{\"@id\":\"https:\/\/attraversolospettacolo.it\/index.php\/2024\/03\/27\/62-giornata-mondiale-del-teatro\/\"},\"wordCount\":95,\"commentCount\":0,\"publisher\":{\"@id\":\"https:\/\/attraversolospettacolo.it\/#organization\"},\"image\":{\"@id\":\"https:\/\/attraversolospettacolo.it\/index.php\/2024\/03\/27\/62-giornata-mondiale-del-teatro\/#primaryimage\"},\"thumbnailUrl\":\"https:\/\/mlml6gfwjfob.i.optimole.com\/w:auto\/h:auto\/q:mauto\/ig:avif\/https:\/\/attraversolospettacolo.it\/wp-content\/uploads\/2023\/03\/Giornata-mondiale-del-teatro-logo-1.jpg\",\"articleSection\":[\"News\"],\"inLanguage\":\"it-IT\",\"potentialAction\":[{\"@type\":\"CommentAction\",\"name\":\"Comment\",\"target\":[\"https:\/\/attraversolospettacolo.it\/index.php\/2024\/03\/27\/62-giornata-mondiale-del-teatro\/#respond\"]}]},{\"@type\":\"WebPage\",\"@id\":\"https:\/\/attraversolospettacolo.it\/index.php\/2024\/03\/27\/62-giornata-mondiale-del-teatro\/\",\"url\":\"https:\/\/attraversolospettacolo.it\/index.php\/2024\/03\/27\/62-giornata-mondiale-del-teatro\/\",\"name\":\"62^ giornata mondiale del teatro - Attraverso lo spettacolo\",\"isPartOf\":{\"@id\":\"https:\/\/attraversolospettacolo.it\/#website\"},\"primaryImageOfPage\":{\"@id\":\"https:\/\/attraversolospettacolo.it\/index.php\/2024\/03\/27\/62-giornata-mondiale-del-teatro\/#primaryimage\"},\"image\":{\"@id\":\"https:\/\/attraversolospettacolo.it\/index.php\/2024\/03\/27\/62-giornata-mondiale-del-teatro\/#primaryimage\"},\"thumbnailUrl\":\"https:\/\/mlml6gfwjfob.i.optimole.com\/w:auto\/h:auto\/q:mauto\/ig:avif\/https:\/\/attraversolospettacolo.it\/wp-content\/uploads\/2023\/03\/Giornata-mondiale-del-teatro-logo-1.jpg\",\"datePublished\":\"2024-03-27T07:58:00+00:00\",\"description\":\"62^ giornata mondiale del teatro\",\"breadcrumb\":{\"@id\":\"https:\/\/attraversolospettacolo.it\/index.php\/2024\/03\/27\/62-giornata-mondiale-del-teatro\/#breadcrumb\"},\"inLanguage\":\"it-IT\",\"potentialAction\":[{\"@type\":\"ReadAction\",\"target\":[\"https:\/\/attraversolospettacolo.it\/index.php\/2024\/03\/27\/62-giornata-mondiale-del-teatro\/\"]}]},{\"@type\":\"ImageObject\",\"inLanguage\":\"it-IT\",\"@id\":\"https:\/\/attraversolospettacolo.it\/index.php\/2024\/03\/27\/62-giornata-mondiale-del-teatro\/#primaryimage\",\"url\":\"https:\/\/mlml6gfwjfob.i.optimole.com\/w:auto\/h:auto\/q:mauto\/ig:avif\/https:\/\/attraversolospettacolo.it\/wp-content\/uploads\/2023\/03\/Giornata-mondiale-del-teatro-logo-1.jpg\",\"contentUrl\":\"https:\/\/mlml6gfwjfob.i.optimole.com\/w:auto\/h:auto\/q:mauto\/ig:avif\/https:\/\/attraversolospettacolo.it\/wp-content\/uploads\/2023\/03\/Giornata-mondiale-del-teatro-logo-1.jpg\",\"width\":256,\"height\":297},{\"@type\":\"BreadcrumbList\",\"@id\":\"https:\/\/attraversolospettacolo.it\/index.php\/2024\/03\/27\/62-giornata-mondiale-del-teatro\/#breadcrumb\",\"itemListElement\":[{\"@type\":\"ListItem\",\"position\":1,\"name\":\"Associazione Attraverso lo spettacolo\",\"item\":\"https:\/\/attraversolospettacolo.it\/\"},{\"@type\":\"ListItem\",\"position\":2,\"name\":\"62^ giornata mondiale del teatro\"}]},{\"@type\":\"WebSite\",\"@id\":\"https:\/\/attraversolospettacolo.it\/#website\",\"url\":\"https:\/\/attraversolospettacolo.it\/\",\"name\":\"Attraverso lo spettacolo\",\"description\":\"\",\"publisher\":{\"@id\":\"https:\/\/attraversolospettacolo.it\/#organization\"},\"potentialAction\":[{\"@type\":\"SearchAction\",\"target\":{\"@type\":\"EntryPoint\",\"urlTemplate\":\"https:\/\/attraversolospettacolo.it\/?s={search_term_string}\"},\"query-input\":{\"@type\":\"PropertyValueSpecification\",\"valueRequired\":true,\"valueName\":\"search_term_string\"}}],\"inLanguage\":\"it-IT\"},{\"@type\":\"Organization\",\"@id\":\"https:\/\/attraversolospettacolo.it\/#organization\",\"name\":\"Associazione Attraverso lo spettacolo\",\"url\":\"https:\/\/attraversolospettacolo.it\/\",\"logo\":{\"@type\":\"ImageObject\",\"inLanguage\":\"it-IT\",\"@id\":\"https:\/\/attraversolospettacolo.it\/#\/schema\/logo\/image\/\",\"url\":\"https:\/\/mlml6gfwjfob.i.optimole.com\/w:auto\/h:auto\/q:mauto\/ig:avif\/https:\/\/attraversolospettacolo.it\/wp-content\/uploads\/2021\/09\/Logo-Attraverso-lo-spettacolo-2-solo-scrittura-1-scaled.jpg\",\"contentUrl\":\"https:\/\/mlml6gfwjfob.i.optimole.com\/w:auto\/h:auto\/q:mauto\/ig:avif\/https:\/\/attraversolospettacolo.it\/wp-content\/uploads\/2021\/09\/Logo-Attraverso-lo-spettacolo-2-solo-scrittura-1-scaled.jpg\",\"width\":2560,\"height\":831,\"caption\":\"Associazione Attraverso lo spettacolo\"},\"image\":{\"@id\":\"https:\/\/attraversolospettacolo.it\/#\/schema\/logo\/image\/\"}},{\"@type\":\"Person\",\"@id\":\"https:\/\/attraversolospettacolo.it\/#\/schema\/person\/85ff12f84a96acc7624ec0bb7a2d63ee\",\"name\":\"admin\",\"image\":{\"@type\":\"ImageObject\",\"inLanguage\":\"it-IT\",\"@id\":\"https:\/\/secure.gravatar.com\/avatar\/ba678f02c98ed4fb1ce347d17329b71cd09abe207ce026c82c6b465c7582ce41?s=96&d=mm&r=g\",\"url\":\"https:\/\/secure.gravatar.com\/avatar\/ba678f02c98ed4fb1ce347d17329b71cd09abe207ce026c82c6b465c7582ce41?s=96&d=mm&r=g\",\"contentUrl\":\"https:\/\/secure.gravatar.com\/avatar\/ba678f02c98ed4fb1ce347d17329b71cd09abe207ce026c82c6b465c7582ce41?s=96&d=mm&r=g\",\"caption\":\"admin\"},\"sameAs\":[\"https:\/\/attraversolospettacolo.it\"]}]}<\/script>\n<!-- \/ Yoast SEO plugin. -->","yoast_head_json":{"title":"62^ giornata mondiale del teatro - Attraverso lo spettacolo","description":"62^ giornata mondiale del teatro","robots":{"index":"index","follow":"follow","max-snippet":"max-snippet:-1","max-image-preview":"max-image-preview:large","max-video-preview":"max-video-preview:-1"},"canonical":"https:\/\/attraversolospettacolo.it\/index.php\/2024\/03\/27\/62-giornata-mondiale-del-teatro\/","og_locale":"it_IT","og_type":"article","og_title":"62^ giornata mondiale del teatro - Attraverso lo spettacolo","og_description":"62^ giornata mondiale del teatro","og_url":"https:\/\/attraversolospettacolo.it\/index.php\/2024\/03\/27\/62-giornata-mondiale-del-teatro\/","og_site_name":"Attraverso lo spettacolo","article_published_time":"2024-03-27T07:58:00+00:00","og_image":[{"width":256,"height":297,"url":"https:\/\/mlml6gfwjfob.i.optimole.com\/w:auto\/h:auto\/q:mauto\/ig:avif\/https:\/\/attraversolospettacolo.it\/wp-content\/uploads\/2023\/03\/Giornata-mondiale-del-teatro-logo-1.jpg","type":"image\/jpeg"}],"author":"admin","twitter_card":"summary_large_image","twitter_misc":{"Scritto da":"admin","Tempo di lettura stimato":"1 minuto"},"schema":{"@context":"https:\/\/schema.org","@graph":[{"@type":"Article","@id":"https:\/\/attraversolospettacolo.it\/index.php\/2024\/03\/27\/62-giornata-mondiale-del-teatro\/#article","isPartOf":{"@id":"https:\/\/attraversolospettacolo.it\/index.php\/2024\/03\/27\/62-giornata-mondiale-del-teatro\/"},"author":{"name":"admin","@id":"https:\/\/attraversolospettacolo.it\/#\/schema\/person\/85ff12f84a96acc7624ec0bb7a2d63ee"},"headline":"62^ giornata mondiale del teatro","datePublished":"2024-03-27T07:58:00+00:00","mainEntityOfPage":{"@id":"https:\/\/attraversolospettacolo.it\/index.php\/2024\/03\/27\/62-giornata-mondiale-del-teatro\/"},"wordCount":95,"commentCount":0,"publisher":{"@id":"https:\/\/attraversolospettacolo.it\/#organization"},"image":{"@id":"https:\/\/attraversolospettacolo.it\/index.php\/2024\/03\/27\/62-giornata-mondiale-del-teatro\/#primaryimage"},"thumbnailUrl":"https:\/\/mlml6gfwjfob.i.optimole.com\/w:auto\/h:auto\/q:mauto\/ig:avif\/https:\/\/attraversolospettacolo.it\/wp-content\/uploads\/2023\/03\/Giornata-mondiale-del-teatro-logo-1.jpg","articleSection":["News"],"inLanguage":"it-IT","potentialAction":[{"@type":"CommentAction","name":"Comment","target":["https:\/\/attraversolospettacolo.it\/index.php\/2024\/03\/27\/62-giornata-mondiale-del-teatro\/#respond"]}]},{"@type":"WebPage","@id":"https:\/\/attraversolospettacolo.it\/index.php\/2024\/03\/27\/62-giornata-mondiale-del-teatro\/","url":"https:\/\/attraversolospettacolo.it\/index.php\/2024\/03\/27\/62-giornata-mondiale-del-teatro\/","name":"62^ giornata mondiale del teatro - Attraverso lo spettacolo","isPartOf":{"@id":"https:\/\/attraversolospettacolo.it\/#website"},"primaryImageOfPage":{"@id":"https:\/\/attraversolospettacolo.it\/index.php\/2024\/03\/27\/62-giornata-mondiale-del-teatro\/#primaryimage"},"image":{"@id":"https:\/\/attraversolospettacolo.it\/index.php\/2024\/03\/27\/62-giornata-mondiale-del-teatro\/#primaryimage"},"thumbnailUrl":"https:\/\/mlml6gfwjfob.i.optimole.com\/w:auto\/h:auto\/q:mauto\/ig:avif\/https:\/\/attraversolospettacolo.it\/wp-content\/uploads\/2023\/03\/Giornata-mondiale-del-teatro-logo-1.jpg","datePublished":"2024-03-27T07:58:00+00:00","description":"62^ giornata mondiale del teatro","breadcrumb":{"@id":"https:\/\/attraversolospettacolo.it\/index.php\/2024\/03\/27\/62-giornata-mondiale-del-teatro\/#breadcrumb"},"inLanguage":"it-IT","potentialAction":[{"@type":"ReadAction","target":["https:\/\/attraversolospettacolo.it\/index.php\/2024\/03\/27\/62-giornata-mondiale-del-teatro\/"]}]},{"@type":"ImageObject","inLanguage":"it-IT","@id":"https:\/\/attraversolospettacolo.it\/index.php\/2024\/03\/27\/62-giornata-mondiale-del-teatro\/#primaryimage","url":"https:\/\/mlml6gfwjfob.i.optimole.com\/w:auto\/h:auto\/q:mauto\/ig:avif\/https:\/\/attraversolospettacolo.it\/wp-content\/uploads\/2023\/03\/Giornata-mondiale-del-teatro-logo-1.jpg","contentUrl":"https:\/\/mlml6gfwjfob.i.optimole.com\/w:auto\/h:auto\/q:mauto\/ig:avif\/https:\/\/attraversolospettacolo.it\/wp-content\/uploads\/2023\/03\/Giornata-mondiale-del-teatro-logo-1.jpg","width":256,"height":297},{"@type":"BreadcrumbList","@id":"https:\/\/attraversolospettacolo.it\/index.php\/2024\/03\/27\/62-giornata-mondiale-del-teatro\/#breadcrumb","itemListElement":[{"@type":"ListItem","position":1,"name":"Associazione Attraverso lo spettacolo","item":"https:\/\/attraversolospettacolo.it\/"},{"@type":"ListItem","position":2,"name":"62^ giornata mondiale del teatro"}]},{"@type":"WebSite","@id":"https:\/\/attraversolospettacolo.it\/#website","url":"https:\/\/attraversolospettacolo.it\/","name":"Attraverso lo spettacolo","description":"","publisher":{"@id":"https:\/\/attraversolospettacolo.it\/#organization"},"potentialAction":[{"@type":"SearchAction","target":{"@type":"EntryPoint","urlTemplate":"https:\/\/attraversolospettacolo.it\/?s={search_term_string}"},"query-input":{"@type":"PropertyValueSpecification","valueRequired":true,"valueName":"search_term_string"}}],"inLanguage":"it-IT"},{"@type":"Organization","@id":"https:\/\/attraversolospettacolo.it\/#organization","name":"Associazione Attraverso lo spettacolo","url":"https:\/\/attraversolospettacolo.it\/","logo":{"@type":"ImageObject","inLanguage":"it-IT","@id":"https:\/\/attraversolospettacolo.it\/#\/schema\/logo\/image\/","url":"https:\/\/mlml6gfwjfob.i.optimole.com\/w:auto\/h:auto\/q:mauto\/ig:avif\/https:\/\/attraversolospettacolo.it\/wp-content\/uploads\/2021\/09\/Logo-Attraverso-lo-spettacolo-2-solo-scrittura-1-scaled.jpg","contentUrl":"https:\/\/mlml6gfwjfob.i.optimole.com\/w:auto\/h:auto\/q:mauto\/ig:avif\/https:\/\/attraversolospettacolo.it\/wp-content\/uploads\/2021\/09\/Logo-Attraverso-lo-spettacolo-2-solo-scrittura-1-scaled.jpg","width":2560,"height":831,"caption":"Associazione Attraverso lo spettacolo"},"image":{"@id":"https:\/\/attraversolospettacolo.it\/#\/schema\/logo\/image\/"}},{"@type":"Person","@id":"https:\/\/attraversolospettacolo.it\/#\/schema\/person\/85ff12f84a96acc7624ec0bb7a2d63ee","name":"admin","image":{"@type":"ImageObject","inLanguage":"it-IT","@id":"https:\/\/secure.gravatar.com\/avatar\/ba678f02c98ed4fb1ce347d17329b71cd09abe207ce026c82c6b465c7582ce41?s=96&d=mm&r=g","url":"https:\/\/secure.gravatar.com\/avatar\/ba678f02c98ed4fb1ce347d17329b71cd09abe207ce026c82c6b465c7582ce41?s=96&d=mm&r=g","contentUrl":"https:\/\/secure.gravatar.com\/avatar\/ba678f02c98ed4fb1ce347d17329b71cd09abe207ce026c82c6b465c7582ce41?s=96&d=mm&r=g","caption":"admin"},"sameAs":["https:\/\/attraversolospettacolo.it"]}]}},"_links":{"self":[{"href":"https:\/\/attraversolospettacolo.it\/index.php\/wp-json\/wp\/v2\/posts\/1793","targetHints":{"allow":["GET"]}}],"collection":[{"href":"https:\/\/attraversolospettacolo.it\/index.php\/wp-json\/wp\/v2\/posts"}],"about":[{"href":"https:\/\/attraversolospettacolo.it\/index.php\/wp-json\/wp\/v2\/types\/post"}],"author":[{"embeddable":true,"href":"https:\/\/attraversolospettacolo.it\/index.php\/wp-json\/wp\/v2\/users\/1"}],"replies":[{"embeddable":true,"href":"https:\/\/attraversolospettacolo.it\/index.php\/wp-json\/wp\/v2\/comments?post=1793"}],"version-history":[{"count":3,"href":"https:\/\/attraversolospettacolo.it\/index.php\/wp-json\/wp\/v2\/posts\/1793\/revisions"}],"predecessor-version":[{"id":1799,"href":"https:\/\/attraversolospettacolo.it\/index.php\/wp-json\/wp\/v2\/posts\/1793\/revisions\/1799"}],"wp:featuredmedia":[{"embeddable":true,"href":"https:\/\/attraversolospettacolo.it\/index.php\/wp-json\/wp\/v2\/media\/1534"}],"wp:attachment":[{"href":"https:\/\/attraversolospettacolo.it\/index.php\/wp-json\/wp\/v2\/media?parent=1793"}],"wp:term":[{"taxonomy":"category","embeddable":true,"href":"https:\/\/attraversolospettacolo.it\/index.php\/wp-json\/wp\/v2\/categories?post=1793"},{"taxonomy":"post_tag","embeddable":true,"href":"https:\/\/attraversolospettacolo.it\/index.php\/wp-json\/wp\/v2\/tags?post=1793"}],"curies":[{"name":"wp","href":"https:\/\/api.w.org\/{rel}","templated":true}]}}