{"id":645,"date":"2021-11-13T14:44:00","date_gmt":"2021-11-13T14:44:00","guid":{"rendered":"https:\/\/attraversolospettacolo.it\/?p=645"},"modified":"2021-11-13T15:34:38","modified_gmt":"2021-11-13T15:34:38","slug":"cinquantanni-della-nascita-del-gruppo-abeliano","status":"publish","type":"post","link":"https:\/\/attraversolospettacolo.it\/index.php\/2021\/11\/13\/cinquantanni-della-nascita-del-gruppo-abeliano\/","title":{"rendered":"\u201cCinquant\u2019anni ed oltre\u201d, la mostra"},"content":{"rendered":"<p><img decoding=\"async\" width=\"768\" height=\"1673\" src=\"https:\/\/attraversolospettacolo.it\/wp-content\/uploads\/2021\/10\/Cinquantanni-e-oltre-monifesto-768x1673.jpg\" alt=\"\" loading=\"lazy\" srcset=\"https:\/\/attraversolospettacolo.it\/wp-content\/uploads\/2021\/10\/Cinquantanni-e-oltre-monifesto-768x1673.jpg 768w, https:\/\/attraversolospettacolo.it\/wp-content\/uploads\/2021\/10\/Cinquantanni-e-oltre-monifesto-138x300.jpg 138w, https:\/\/attraversolospettacolo.it\/wp-content\/uploads\/2021\/10\/Cinquantanni-e-oltre-monifesto-470x1024.jpg 470w, https:\/\/attraversolospettacolo.it\/wp-content\/uploads\/2021\/10\/Cinquantanni-e-oltre-monifesto-705x1536.jpg 705w, https:\/\/attraversolospettacolo.it\/wp-content\/uploads\/2021\/10\/Cinquantanni-e-oltre-monifesto-940x2048.jpg 940w, https:\/\/attraversolospettacolo.it\/wp-content\/uploads\/2021\/10\/Cinquantanni-e-oltre-monifesto-scaled.jpg 1175w\" sizes=\"auto, (max-width: 768px) 100vw, 768px\"><\/p>\n<h3>La mostra al Palazzo del Consiglio Regionale<\/h3>\n<h5>Il 15 novembre 2021 alle ore 11.00 in occasione dei cinquant&#8217;anni del Gruppo Abeliano sar\u00e0 inaugurata la mostra \u201cCinquant\u2019anni ed oltre\u201d presso il Palazzo del Consiglio.&nbsp;La mostra \u00e8 curata dal Gruppo Abeliano e promossa dal Consiglio Regionale della Puglia \u2013 Sezione Biblioteca e Comunicazione istituzionale.<\/h5>\n<h3>Formato a Bari un nuovo gruppo teatrale<\/h3>\n<h5>\u00ab<em>Indice della vitalit\u00e0 del dibattito teatrale che si \u00e8 ormai aperto in Puglia \u00e8 la costituzione di una nuova formazione a Bari: \u00abGruppo Abeliano\u00bb che in una animata conferenza-presentazione presso l&#8217;accogliente Libreria Rinascita in via Roberto da Bari ha presentato un proprio \u00abManifesto\u00bb che indica le linee nella teoria e pratica teatrale che il gruppo vuole portare avanti<\/em> [&#8230;]\u00bb. <a href=\"https:\/\/attraversolospettacolo.it\/wp-content\/uploads\/2021\/10\/Formato-a-Bari-un-nuovo-gruppo-teatrale-La-Gazzetta-del-Mezzogiorno-2-agosto-1970.pdf\" target=\"_blank\" rel=\"noopener\">Prosegui la lettura dell&#8217;articolo<\/a>.<\/h5>\n<p><img decoding=\"async\" width=\"150\" height=\"150\" src=\"https:\/\/attraversolospettacolo.it\/wp-content\/uploads\/2021\/10\/Foto-La-GdM-150x150.jpg\" alt=\"\" loading=\"lazy\"><\/p>\n<p><em>Formato a Bari un nuovo gruppo teatrale<\/em>, In &#8220;La Gazzetta del Mezzogiorno&#8221;, 2 agosto 1970<\/p>\n<h3>Josephson ritrova August Strindberg<\/h3>\n<h5>\u00ab<em>Un attore straniero, solo a Roma, abitante in un residence occupato per tutta la settimana sul set di due film, uno di Lizzani e uno di Tarkowski: come trascorre un pomeriggio domenicale libero? Se si chiama Erland Josephson, \u00e8 svedese, e se \u00e8 considerato da tutti quelli che hanno lavorato con lui \u2013 da Brusati a Lizzani e naturalmenteda Bergman \u2013 un attore dalla professionalit\u00e0 addirittura leggendaria, non c\u00b4\u00e8 da sorprendersi se, trascurando rossi tramonti sulle eterne bellezze romane, Erland Josephson sia seduto domenica 14, nella terza fila del teatro Centrale, alle spalle di piazza del Ges\u00f9, ad assistere all\u00b4ultima replica di \u00abStrindberg di Strindberg\u00bb, che la cooperativa Gruppo Abeliano, mette in scena con la regia di Giancarlo Nanni<\/em>&nbsp;[\u2026]\u00bb.&nbsp;<a href=\"https:\/\/attraversolospettacolo.it\/wp-content\/uploads\/2021\/10\/Recensione_Strindbergh.jpg\" target=\"_blank\" rel=\"noopener\"><strong>Prosegui la lettura dell\u00b4articolo<\/strong><\/a><\/h5>\n<p><img decoding=\"async\" width=\"150\" height=\"150\" src=\"https:\/\/attraversolospettacolo.it\/wp-content\/uploads\/2021\/10\/Cop_-Strindberg_nella_cultura_moderna-150x150.jpg\" alt=\"\" loading=\"lazy\"><\/p>\n<p><strong>Maria Pia Fusco (a cura di)<\/strong>,&nbsp;<em>Josephson ritrova August Strindberg<\/em>, In: \u201cStrindberg nella cultura moderna\u201d di K. A. Karnell (et al.), a cura di Franco Perelli. Roma : Bulzoni, 1983.&nbsp;(Opera presente presso la&nbsp;<a style=\"color: #0000ff;\" href=\"https:\/\/biblioteca.consiglio.puglia.it\/\" target=\"_blank\" rel=\"noopener\">Biblioteca del Consiglio regionale della Puglia \u201cTeca del Mediterraneo\u201d<\/a>&nbsp;\u2013&nbsp;<a style=\"color: #0000ff;\" href=\"https:\/\/teca.consiglio.puglia.it\/SebinaOpac\/resource\/strindberg-nella-cultura-moderna-colloquio-italiano\/FOG0191344\" target=\"_blank\" rel=\"noopener\"><strong>Consulta il catalogo<\/strong><\/a>)<\/p>\n","protected":false},"excerpt":{"rendered":"<p>La mostra al Palazzo del Consiglio Regionale Il 15 novembre 2021 alle ore 11.00 in occasione dei cinquant&#8217;anni del Gruppo Abeliano sar\u00e0 inaugurata la mostra \u201cCinquant\u2019anni ed oltre\u201d presso il Palazzo del Consiglio.&nbsp;La mostra \u00e8 curata dal Gruppo Abeliano e promossa dal Consiglio Regionale della Puglia \u2013 Sezione Biblioteca e Comunicazione istituzionale. Formato a Bari&hellip;&nbsp;<a href=\"https:\/\/attraversolospettacolo.it\/index.php\/2021\/11\/13\/cinquantanni-della-nascita-del-gruppo-abeliano\/\" rel=\"bookmark\">Leggi tutto &raquo;<span class=\"screen-reader-text\">\u201cCinquant\u2019anni ed oltre\u201d, la mostra<\/span><\/a><\/p>\n","protected":false},"author":1,"featured_media":815,"comment_status":"open","ping_status":"closed","sticky":false,"template":"","format":"standard","meta":{"neve_meta_sidebar":"","neve_meta_container":"","neve_meta_enable_content_width":"","neve_meta_content_width":0,"neve_meta_title_alignment":"","neve_meta_author_avatar":"","neve_post_elements_order":"","neve_meta_disable_header":"","neve_meta_disable_footer":"","neve_meta_disable_title":"","footnotes":""},"categories":[5,7],"tags":[],"class_list":["post-645","post","type-post","status-publish","format-standard","has-post-thumbnail","hentry","category-le-storie","category-notizie-varie-per-una-economia-dello-spettacolo"],"_links":{"self":[{"href":"https:\/\/attraversolospettacolo.it\/index.php\/wp-json\/wp\/v2\/posts\/645","targetHints":{"allow":["GET"]}}],"collection":[{"href":"https:\/\/attraversolospettacolo.it\/index.php\/wp-json\/wp\/v2\/posts"}],"about":[{"href":"https:\/\/attraversolospettacolo.it\/index.php\/wp-json\/wp\/v2\/types\/post"}],"author":[{"embeddable":true,"href":"https:\/\/attraversolospettacolo.it\/index.php\/wp-json\/wp\/v2\/users\/1"}],"replies":[{"embeddable":true,"href":"https:\/\/attraversolospettacolo.it\/index.php\/wp-json\/wp\/v2\/comments?post=645"}],"version-history":[{"count":20,"href":"https:\/\/attraversolospettacolo.it\/index.php\/wp-json\/wp\/v2\/posts\/645\/revisions"}],"predecessor-version":[{"id":844,"href":"https:\/\/attraversolospettacolo.it\/index.php\/wp-json\/wp\/v2\/posts\/645\/revisions\/844"}],"wp:featuredmedia":[{"embeddable":true,"href":"https:\/\/attraversolospettacolo.it\/index.php\/wp-json\/wp\/v2\/media\/815"}],"wp:attachment":[{"href":"https:\/\/attraversolospettacolo.it\/index.php\/wp-json\/wp\/v2\/media?parent=645"}],"wp:term":[{"taxonomy":"category","embeddable":true,"href":"https:\/\/attraversolospettacolo.it\/index.php\/wp-json\/wp\/v2\/categories?post=645"},{"taxonomy":"post_tag","embeddable":true,"href":"https:\/\/attraversolospettacolo.it\/index.php\/wp-json\/wp\/v2\/tags?post=645"}],"curies":[{"name":"wp","href":"https:\/\/api.w.org\/{rel}","templated":true}]}}